{"id":9469,"date":"2016-02-11T17:30:36","date_gmt":"2016-02-11T15:30:36","guid":{"rendered":"http:\/\/www.def-shop.com\/magazin\/?p=9469"},"modified":"2016-02-15T14:33:29","modified_gmt":"2016-02-15T12:33:29","slug":"die-wichtigsten-infos-zur-grammy-verleihung-2016","status":"publish","type":"post","link":"https:\/\/www.def-shop.com\/magazin\/die-wichtigsten-infos-zur-grammy-verleihung-2016\/","title":{"rendered":"Die wichtigsten Infos zur Grammy-Verleihung 2016"},"content":{"rendered":"<p>Es ist mal wieder soweit, j\u00e4hrlich gr\u00fc\u00dft das Murmeltier: Die 58. Grammys werden am 15. Februar 2016 im Staples Center verliehen. Und wie in jedem Jahr flanieren auch dieses Mal die Stars und Sternchen \u00fcber den roten Teppich, rocken einige der gr\u00f6\u00dften Musiker der Welt die B\u00fchne und gewinnen einige wenige den begehrtesten Musikpreis. In mehr als 80 Kategorien werden Musiker, Liedautoren und weitere erfolgreiche Akteure im Musikgesch\u00e4ft ausgezeichnet. Als Grundlage gelten Ver\u00f6ffentlichungen, die zwischen dem 01. Oktober 2014 und dem 30. September 2015 auf den Markt kamen.<\/p>\n<p>Doch nicht nur die Nominierten stehen an diesem Abend im Spotlight, denn Fans auf der ganzen Welt fiebern ebenfalls den musikalischen Darbietungen auf der B\u00fchne und der scharfz\u00fcngigen Moderation entgegen. Aber immer der Reihe nach. In den folgenden Zeilen geben wir Euch alle Infos, die Ihr zum Mega-Event braucht an die Hand und die, die Vorfreude ins Unermessliche steigen lassen.<\/p>\n<h2>Die Top-Favoriten f\u00fcr den Grammy 2016<\/h2>\n<p>Drei K\u00fcnstler haben sich durch ihre Werke des letzten Jahres von der Masse abgesetzt und wurden daf\u00fcr mit den meisten Nominierungen ausgezeichnet.<\/p>\n<p>An vorderster Front steht dabei der Rapper Kendrick Lamar, der bei der Award-Show einen Heimvorteil genie\u00dft. An ihm gab es einfach kein Weg vorbei, was auch die Jury so sah und \u00a0ihn\u00a0mit ganzen elf Nominierungen auszeichnete. Der zweimalige Grammy-Gewinner ist unter anderem in den Kategorien Album des Jahres (<em>To Pimp A Butterfly<\/em>) und bester Rap-Song sowie beste Rap-Performance (<em>Alright<\/em>) am Start. Zus\u00e4tzlich war der 28-J\u00e4hrige auch an vielen anderen preisw\u00fcrdigen Produktionen beteiligt. In Zusammenarbeit mit Taylor Swift war er f\u00fcr den\u00a0Song <em>Bad Blood <\/em>verantwortlich, wof\u00fcr die beiden den Grammy als bestes Duo mit nach Hause nehmen k\u00f6nnten.<\/p>\n<div id=\"attachment_9485\" style=\"width: 235px\" class=\"wp-caption alignright\"><a href=\"https:\/\/www.def-shop.com\/magazin\/wp-content\/uploads\/2016\/02\/Taylor-Swift_\u00a9flickr-cc_marcen27_700.jpg\" rel=\"attachment wp-att-9485\"><img aria-describedby=\"caption-attachment-9485\" loading=\"lazy\" class=\"wp-image-9485 size-medium\" title=\"Taylor Swift\" src=\"https:\/\/www.def-shop.com\/magazin\/wp-content\/uploads\/2016\/02\/Taylor-Swift_\u00a9flickr-cc_marcen27_700-225x300.jpg\" alt=\"Taylor Swift_\u00a9flickr cc_marcen27\" width=\"225\" height=\"300\" srcset=\"https:\/\/www.def-shop.com\/magazin\/wp-content\/uploads\/2016\/02\/Taylor-Swift_\u00a9flickr-cc_marcen27_700-225x300.jpg 225w, https:\/\/www.def-shop.com\/magazin\/wp-content\/uploads\/2016\/02\/Taylor-Swift_\u00a9flickr-cc_marcen27_700-336x450.jpg 336w, https:\/\/www.def-shop.com\/magazin\/wp-content\/uploads\/2016\/02\/Taylor-Swift_\u00a9flickr-cc_marcen27_700.jpg 700w\" sizes=\"(max-width: 225px) 100vw, 225px\" \/><\/a><p id=\"caption-attachment-9485\" class=\"wp-caption-text\">Taylor Swift_\u00a9flickr cc_marcen27<\/p><\/div>\n<p>Apropos Taylor Swift: Die siebenmalige Gewinnerin der Grammys ist in diesem Jahr f\u00fcr sieben Awards nominiert. So kann die 26-J\u00e4hrige zum Beispiel in den K\u00f6nigskategorien Song des\u00a0Jahres (<em>Blank Space<\/em>), Album des Jahres (<em>1989<\/em>) und Aufnahme des Jahres (<em>Blank Space<\/em>) gewinnen und ihre unfassbare Sammlung an Grammys noch weiter aufstocken. Das Video des Jahres und die Best Pop Solo Performance k\u00f6nnten ebenfalls auf das Konto der blonden Sch\u00f6nheit gehen.<\/p>\n<p>Neben den zwei absoluten Megastars gibt es aber noch einen dritten K\u00fcnstler, der sich Chancen auf viele Awards ausrechnen kann. Und das ist The Weeknd. Der Kanadier kann sich ebenfalls \u00fcber sieben Nominierungen freuen. Neben der Chance die beste Aufnahme (<em>Can\u2019t Feel My Face<\/em>) und das Beste Album des Jahres (<em>Beauty Behind The Madness<\/em>) zu gewinnen, ist er ebenfalls als bester Pop-K\u00fcnstler und in den Rhythm\u2019n\u2019Blues-Kategorien nominiert. Song des Jahres kann sein Smash-Hit <em>Can\u2019t Feel My Face <\/em>jedoch nicht werden.<\/p>\n<h2>Andere Grammy-Nominierte in\u00a02016<\/h2>\n<p>Neben den drei \u00dcberfliegern gibt es aber auch noch andere Stars, die sich berechtigte Hoffnungen auf einen Award machen. Die Rockband Alabama Shakes (<em>Don\u2019t Wanna Fight<\/em>) beispielsweise sind viermal nominiert. Aber auch unser Lieblings-Redhead Ed Sheeran und Comebacker D\u2019Angelo werden dreimal am Abend zitternd und bangend auf ihrem Stuhl sitzen. F\u00fcr Star-Power ist also gesorgt und wir werden mit Sicherheit die eine oder andere Tr\u00e4ne von einem unserer Lieblingsk\u00fcnstler zu sehen bekommen.<\/p>\n<h2>Diese Stars rocken bei den Grammys die B\u00fchne<\/h2>\n<p>Klar ist, dass die Nominierten und Gewinner die meiste Aufmerksamkeit an diesem Abend erhalten und auch verdienen. Direkt danach kommen aber die K\u00fcnstler, die es auf der B\u00fchne krachen lassen. Nat\u00fcrlich schlie\u00dft das eine das andere nicht aus, deswegen gibt es in diesem Jahr auch wieder einige Favoriten auf der B\u00fchne zu sehen.<\/p>\n<div id=\"attachment_9490\" style=\"width: 235px\" class=\"wp-caption alignright\"><a href=\"https:\/\/www.def-shop.com\/magazin\/wp-content\/uploads\/2016\/02\/The-Weeknd_\u00a9flickr-cc_Kayla-Johnson_700.jpg\" rel=\"attachment wp-att-9490\"><img aria-describedby=\"caption-attachment-9490\" loading=\"lazy\" class=\"wp-image-9490 size-medium\" title=\"The Weeknd\" src=\"https:\/\/www.def-shop.com\/magazin\/wp-content\/uploads\/2016\/02\/The-Weeknd_\u00a9flickr-cc_Kayla-Johnson_700-225x300.jpg\" alt=\"The Weeknd_\u00a9flickr cc_Kayla Johnson\" width=\"225\" height=\"300\" srcset=\"https:\/\/www.def-shop.com\/magazin\/wp-content\/uploads\/2016\/02\/The-Weeknd_\u00a9flickr-cc_Kayla-Johnson_700-225x300.jpg 225w, https:\/\/www.def-shop.com\/magazin\/wp-content\/uploads\/2016\/02\/The-Weeknd_\u00a9flickr-cc_Kayla-Johnson_700-336x450.jpg 336w, https:\/\/www.def-shop.com\/magazin\/wp-content\/uploads\/2016\/02\/The-Weeknd_\u00a9flickr-cc_Kayla-Johnson_700.jpg 700w\" sizes=\"(max-width: 225px) 100vw, 225px\" \/><\/a><p id=\"caption-attachment-9490\" class=\"wp-caption-text\">The Weeknd_\u00a9flickr cc_Kayla Johnson<\/p><\/div>\n<p>Neben Kendrick Lamar soll es sich auch The Weeknd nicht nehmen lassen, dem Publikum einzuheizen. Aber auch ein paar nicht nominierte Superstars werden am Start sein. So auch die zehnfache Grammy-Besitzerin und absolute Durchstarterin der letzten Wochen: Adele. Die 27-j\u00e4hrige Britin konnte sich mit ihrem aktuellen Album <em>25\u00a0<\/em>zwar nicht f\u00fcr einen Preis qualifizieren (im n\u00e4chsten Jahr wird sich das aber ganz sicher \u00e4ndern), auf der B\u00fchne wird sie aber trotzdem stehen. Wir d\u00fcrfen uns also auf ihre neue Single <em>When We Were Young\u00a0<\/em>freuen.<\/p>\n<p>Mit Rihanna steht noch ein weiterer Superstar ohne diesj\u00e4hrige Nominierung in den Startl\u00f6chern f\u00fcr einen au\u00dfergew\u00f6hnlichen Auftritt. Erst vor wenigen Tagen ver\u00f6ffentlichte die 27-j\u00e4hrige Karibik-Sch\u00f6nheit ihr achtes Studioalbum <em>ANTI<\/em>.\u00a0 Welchen frischen Song sie am 15. Februar mit auf die B\u00fchne bringt, ist aus diesem Grund noch ein Geheimnis. Aber wir lassen uns doch gerne von RiRi \u00fcberraschen.<\/p>\n<p>Und wer darf nat\u00fcrlich nicht auf der B\u00fchne fehlen? Richtig, Justin Bieber! Der 21-j\u00e4hrige Teenie-Schwarm ist f\u00fcr seine Kollaboration <em>Where Are U Now\u00a0<\/em>nominiert und wird diese auch erstmals gemeinsam live im Fernsehen mit seinen DJ-Kollegen Skrillex und Diplo auf der B\u00fchne performen. Danach gibt es mit Sicherheit noch ein paar mehr &#8220;Belieber&#8221; auf der Welt.<\/p>\n<div id=\"attachment_9495\" style=\"width: 235px\" class=\"wp-caption alignright\"><a href=\"https:\/\/www.def-shop.com\/magazin\/wp-content\/uploads\/2016\/02\/James-Bay_\u00a9flickr-cc_InfoGibraltar_700.jpg\" rel=\"attachment wp-att-9495\"><img aria-describedby=\"caption-attachment-9495\" loading=\"lazy\" class=\"wp-image-9495 size-medium\" title=\"James Bay\" src=\"https:\/\/www.def-shop.com\/magazin\/wp-content\/uploads\/2016\/02\/James-Bay_\u00a9flickr-cc_InfoGibraltar_700-225x300.jpg\" alt=\"James Bay_\u00a9flickr cc_InfoGibraltar\" width=\"225\" height=\"300\" srcset=\"https:\/\/www.def-shop.com\/magazin\/wp-content\/uploads\/2016\/02\/James-Bay_\u00a9flickr-cc_InfoGibraltar_700-225x300.jpg 225w, https:\/\/www.def-shop.com\/magazin\/wp-content\/uploads\/2016\/02\/James-Bay_\u00a9flickr-cc_InfoGibraltar_700-336x450.jpg 336w, https:\/\/www.def-shop.com\/magazin\/wp-content\/uploads\/2016\/02\/James-Bay_\u00a9flickr-cc_InfoGibraltar_700.jpg 700w\" sizes=\"(max-width: 225px) 100vw, 225px\" \/><\/a><p id=\"caption-attachment-9495\" class=\"wp-caption-text\">James Bay_\u00a9flickr cc_InfoGibraltar<\/p><\/div>\n<p>Obwohl die f\u00fcnf genannten Weltstars eigentlich schon ausreichen w\u00fcrden, gibt es noch ein paar mehr Acts, die auch nicht von schlechten Eltern sind. So geben sich neben Ellie Goulding, Pitbull und Robin Thicke auch James Bay, Sam Hunt, Carrie Underwood und weitere K\u00fcnstler die Ehre. Besser geht es wohl kaum. Was f\u00fcr ein Line-up!<\/p>\n<h3>D\u00e9j\u00e0-vu bei der Moderation<\/h3>\n<p>Bereits zum f\u00fcnften Mal in Folge wird der Rapper LL Cool J als Host durch den Abend f\u00fchren. Besonders ausgefallen ist das zwar nicht, doch der ehemalige Bad Boy macht seine Sache schon seit Jahren auff\u00e4llig gut. So erkl\u00e4rte Neil Portnow, Pr\u00e4sident der veranstaltenden Recording Academy, dass der 47-J\u00e4hrige \u201eden perfekten Ton\u201c f\u00fcr die Verleihung setze. Eine gute Voraussetzung f\u00fcr die Moderation einer Musikveranstaltung.<\/p>\n<p>Es ist alles angerichtet f\u00fcr einen unglaublichen Abend mit tollen Geschichten, Emotionen und Auftritten. <a href=\"https:\/\/www.def-shop.com\/magazin\/die-5-groessten-grammy-fails-aller-zeiten\/\" target=\"_blank\">Hoffentlich gesellt sich, wie in den vergangenen Jahren, noch der ein oder andere Skandal dazu<\/a>. So oder so, wir freuen uns unheimlich auf die 58. Ausgabe der legend\u00e4ren Grammys.<\/p>\n","protected":false},"excerpt":{"rendered":"<p>Es ist mal wieder soweit, j\u00e4hrlich gr\u00fc\u00dft das Murmeltier: Die 58. Grammys werden am 15. Februar 2016 im Staples Center verliehen. Und wie in jedem Jahr flanieren auch dieses Mal die Stars und Sternchen \u00fcber den roten Teppich, rocken einige der gr\u00f6\u00dften Musiker der Welt die B\u00fchne und gewinnen einige wenige den begehrtesten Musikpreis. In [&#8230;]<\/p>\n","protected":false},"author":25,"featured_media":9471,"comment_status":"open","ping_status":"open","sticky":false,"template":"","format":"standard","meta":[],"categories":[7,15],"inspiration_tags":[],"_links":{"self":[{"href":"https:\/\/www.def-shop.com\/magazin\/wp-json\/wp\/v2\/posts\/9469"}],"collection":[{"href":"https:\/\/www.def-shop.com\/magazin\/wp-json\/wp\/v2\/posts"}],"about":[{"href":"https:\/\/www.def-shop.com\/magazin\/wp-json\/wp\/v2\/types\/post"}],"author":[{"embeddable":true,"href":"https:\/\/www.def-shop.com\/magazin\/wp-json\/wp\/v2\/users\/25"}],"replies":[{"embeddable":true,"href":"https:\/\/www.def-shop.com\/magazin\/wp-json\/wp\/v2\/comments?post=9469"}],"version-history":[{"count":13,"href":"https:\/\/www.def-shop.com\/magazin\/wp-json\/wp\/v2\/posts\/9469\/revisions"}],"predecessor-version":[{"id":9545,"href":"https:\/\/www.def-shop.com\/magazin\/wp-json\/wp\/v2\/posts\/9469\/revisions\/9545"}],"wp:featuredmedia":[{"embeddable":true,"href":"https:\/\/www.def-shop.com\/magazin\/wp-json\/wp\/v2\/media\/9471"}],"wp:attachment":[{"href":"https:\/\/www.def-shop.com\/magazin\/wp-json\/wp\/v2\/media?parent=9469"}],"wp:term":[{"taxonomy":"category","embeddable":true,"href":"https:\/\/www.def-shop.com\/magazin\/wp-json\/wp\/v2\/categories?post=9469"},{"taxonomy":"inspiration_tags","embeddable":true,"href":"https:\/\/www.def-shop.com\/magazin\/wp-json\/wp\/v2\/inspiration_tags?post=9469"}],"curies":[{"name":"wp","href":"https:\/\/api.w.org\/{rel}","templated":true}]}}