{"id":27582,"date":"2018-07-17T15:00:03","date_gmt":"2018-07-17T13:00:03","guid":{"rendered":"https:\/\/www.def-shop.com\/magazin\/?p=27582"},"modified":"2018-07-17T09:55:08","modified_gmt":"2018-07-17T07:55:08","slug":"behind-the-artwork-etam-cru","status":"publish","type":"post","link":"https:\/\/www.def-shop.com\/magazin\/behind-the-artwork-etam-cru\/","title":{"rendered":"Behind the Artwork: Etam Cru"},"content":{"rendered":"<p>In unserer Reihe \u201cBehind the Artwork\u201d zeigen wir Euch die Gesichter hinter Streetart und Graf\ufb01ti. Wer sind die K\u00fcnstler und was treibt sie an? Was ist ihre Geschichte?<\/p>\n<h2>Von Polen hinaus in die Welt<\/h2>\n<p>Heute m\u00f6chten wir Euch die ETAM CRU aus Polen vorstellen. Die ETAM CRU besteht aus den beiden Graf\ufb01ti-Writern SAINER und BEZT. Was die beiden mit Vorliebe auf komplette H\u00e4userw\u00e4nde zaubern, geht weit \u00fcber die Grenzen von Graf\ufb01ti und Streetart hinaus. Ihre meist d\u00fcsteren Motive sehen eher aus wie \u00d6lgem\u00e4lde und sind in PastellT\u00f6nen gehalten. Ihre Kindermotive sind bedr\u00fcckend und faszinierend zugleich und ihre einzigartige Technik ist schlicht atemberaubend. SAINER und BEZT werten Geb\u00e4ude ja ganze Viertel \u2013 mit ihren Werken auf, lassen staunen und tr\u00e4umen.<\/p>\n<blockquote class=\"instagram-media\" style=\"background: #FFF; border: 0; border-radius: 3px; box-shadow: 0 0 1px 0 rgba(0,0,0,0.5),0 1px 10px 0 rgba(0,0,0,0.15); margin: 1px; max-width: 540px; min-width: 326px; padding: 0; width: calc(100% - 2px);\" data-instgrm-permalink=\"https:\/\/www.instagram.com\/p\/BkNr6Z4lo7Z\/\" data-instgrm-version=\"9\">\n<div style=\"padding: 8px;\">\n<div style=\"background: #F8F8F8; line-height: 0; margin-top: 40px; padding: 62.5% 0; text-align: center; width: 100%;\">\n<div style=\"background: url(data:image\/png; base64,ivborw0kggoaaaansuheugaaacwaaaascamaaaapwqozaaaabgdbtueaalgpc\/xhbqaaaafzukdcak7ohokaaaamuexurczmzpf399fx1+bm5mzy9amaaadisurbvdjlvzxbesmgces5\/p8\/t9furvcrmu73jwlzosgsiizurcjo\/ad+eqjjb4hv8bft+idpqocx1wjosbfhh2xssxeiyn3uli\/6mnree07uiwjev8ueowds88ly97kqytlijkktuybbruayvh5wohixmpi5we58ek028czwyuqdlkpg1bkb4nnm+veanfhqn1k4+gpt6ugqcvu2h2ovuif\/gwufyy8owepdyzsa3avcqpvovvzzz2vtnn2wu8qzvjddeto90gsy9mvlqtgysy231mxry6i2ggqjrty0l8fxcxfcbbhwrsyyaaaaaelftksuqmcc); display: block; height: 44px; margin: 0 auto -44px; position: relative; top: -22px; width: 44px;\"><\/div>\n<\/div>\n<p style=\"color: #c9c8cd; font-family: Arial,sans-serif; font-size: 14px; line-height: 17px; margin-bottom: 0; margin-top: 8px; overflow: hidden; padding: 8px 0 7px; text-align: center; text-overflow: ellipsis; white-space: nowrap;\"><a style=\"color: #c9c8cd; font-family: Arial,sans-serif; font-size: 14px; font-style: normal; font-weight: normal; line-height: 17px; text-decoration: none;\" href=\"https:\/\/www.instagram.com\/p\/BkNr6Z4lo7Z\/\" target=\"_blank\" rel=\"noopener\">Ein Beitrag geteilt von SAINER (@sainer_etam)<\/a> am <time style=\"font-family: Arial,sans-serif; font-size: 14px; line-height: 17px;\" datetime=\"2018-06-19T17:00:16+00:00\">Jun 19, 2018 um 10:00 PDT<\/time><\/p>\n<\/div>\n<\/blockquote>\n<p><script async defer src=\"\/\/www.instagram.com\/embed.js\"><\/script><\/p>\n<h2>Studien-Buddies auf Reisen<\/h2>\n<p>SAINER, der 1988 geboren wurde, sowie BEZT (1987er Jahrgang) haben beide an der Universit\u00e4t von Lodz Kunst studiert, bevor sie sich mit Gra\ufb01kdesign-Jobs \u00fcber Wasser gehalten haben. Als BEZT die ETAM CRU gr\u00fcndete, die um 2008 herum sehr aktiv wurde, war SAINER sofort involviert. Auch, weil er wie BEZT Streetart-Techniken mit klassischer \u00d6l- oder Acrylmalerei vermischt. Dieser einzigartige Style verschaffte den beiden nicht nur jede Menge Fans, sondern auch Auftr\u00e4ge auf der ganzen Welt.<\/p>\n<blockquote class=\"instagram-media\" style=\"background: #FFF; border: 0; border-radius: 3px; box-shadow: 0 0 1px 0 rgba(0,0,0,0.5),0 1px 10px 0 rgba(0,0,0,0.15); margin: 1px; max-width: 540px; min-width: 326px; padding: 0; width: calc(100% - 2px);\" data-instgrm-captioned=\"\" data-instgrm-permalink=\"https:\/\/www.instagram.com\/p\/BHjiZ97jtIv\/\" data-instgrm-version=\"9\">\n<div style=\"padding: 8px;\">\n<div style=\"background: #F8F8F8; line-height: 0; margin-top: 40px; padding: 62.4537037037037% 0; text-align: center; width: 100%;\">\n<div style=\"background: url(data:image\/png; base64,ivborw0kggoaaaansuheugaaacwaaaascamaaaapwqozaaaabgdbtueaalgpc\/xhbqaaaafzukdcak7ohokaaaamuexurczmzpf399fx1+bm5mzy9amaaadisurbvdjlvzxbesmgces5\/p8\/t9furvcrmu73jwlzosgsiizurcjo\/ad+eqjjb4hv8bft+idpqocx1wjosbfhh2xssxeiyn3uli\/6mnree07uiwjev8ueowds88ly97kqytlijkktuybbruayvh5wohixmpi5we58ek028czwyuqdlkpg1bkb4nnm+veanfhqn1k4+gpt6ugqcvu2h2ovuif\/gwufyy8owepdyzsa3avcqpvovvzzz2vtnn2wu8qzvjddeto90gsy9mvlqtgysy231mxry6i2ggqjrty0l8fxcxfcbbhwrsyyaaaaaelftksuqmcc); display: block; height: 44px; margin: 0 auto -44px; position: relative; top: -22px; width: 44px;\"><\/div>\n<\/div>\n<p style=\"margin: 8px 0 0 0; padding: 0 4px;\"><a style=\"color: #000; font-family: Arial,sans-serif; font-size: 14px; font-style: normal; font-weight: normal; line-height: 17px; text-decoration: none; word-wrap: break-word;\" href=\"https:\/\/www.instagram.com\/p\/BHjiZ97jtIv\/\" target=\"_blank\" rel=\"noopener\">Another work from the times before Instagram. &#8220;Madame Chicken&#8221; from 2013<\/a><\/p>\n<p style=\"color: #c9c8cd; font-family: Arial,sans-serif; font-size: 14px; line-height: 17px; margin-bottom: 0; margin-top: 8px; overflow: hidden; padding: 8px 0 7px; text-align: center; text-overflow: ellipsis; white-space: nowrap;\">Ein Beitrag geteilt von <a style=\"color: #c9c8cd; font-family: Arial,sans-serif; font-size: 14px; font-style: normal; font-weight: normal; line-height: 17px;\" href=\"https:\/\/www.instagram.com\/bezt_etam\/\" target=\"_blank\" rel=\"noopener\"> Bezt_Etam<\/a> (@bezt_etam) am <time style=\"font-family: Arial,sans-serif; font-size: 14px; line-height: 17px;\" datetime=\"2016-07-07T09:30:04+00:00\">Jul 7, 2016 um 2:30 PDT<\/time><\/p>\n<\/div>\n<\/blockquote>\n<p><script async defer src=\"\/\/www.instagram.com\/embed.js\"><\/script><\/p>\n<h2>Gro\u00dfe W\u00e4nde, kleine W\u00e4nde<\/h2>\n<p>Doch neben ihren riesigen Murals zeigen die beiden ihre Arbeiten nat\u00fcrlich weltweit auch in Kunstgalerien \u2013 meist als Acrylgem\u00e4lde auf Leinw\u00e4nden. Vereinzelt kann man auch Kunstdrucke kaufen, die hohe Liebhaberpreise erzielen. Die ETAM CRU macht also einiges richtig und wir k\u00f6nnen nur hoffen, dass sie uns weiterhin mit ihren surrealen Szenarien begeistern. Denn Fans sind wir schon lange.<\/p>\n<blockquote class=\"instagram-media\" style=\"background: #FFF; border: 0; border-radius: 3px; box-shadow: 0 0 1px 0 rgba(0,0,0,0.5),0 1px 10px 0 rgba(0,0,0,0.15); margin: 1px; max-width: 540px; min-width: 326px; padding: 0; width: calc(100% - 2px);\" data-instgrm-permalink=\"https:\/\/www.instagram.com\/p\/y5t3clEUHl\/\" data-instgrm-version=\"9\">\n<div style=\"padding: 8px;\">\n<div style=\"background: #F8F8F8; line-height: 0; margin-top: 40px; padding: 50% 0; text-align: center; width: 100%;\">\n<div style=\"background: url(data:image\/png; base64,ivborw0kggoaaaansuheugaaacwaaaascamaaaapwqozaaaabgdbtueaalgpc\/xhbqaaaafzukdcak7ohokaaaamuexurczmzpf399fx1+bm5mzy9amaaadisurbvdjlvzxbesmgces5\/p8\/t9furvcrmu73jwlzosgsiizurcjo\/ad+eqjjb4hv8bft+idpqocx1wjosbfhh2xssxeiyn3uli\/6mnree07uiwjev8ueowds88ly97kqytlijkktuybbruayvh5wohixmpi5we58ek028czwyuqdlkpg1bkb4nnm+veanfhqn1k4+gpt6ugqcvu2h2ovuif\/gwufyy8owepdyzsa3avcqpvovvzzz2vtnn2wu8qzvjddeto90gsy9mvlqtgysy231mxry6i2ggqjrty0l8fxcxfcbbhwrsyyaaaaaelftksuqmcc); display: block; height: 44px; margin: 0 auto -44px; position: relative; top: -22px; width: 44px;\"><\/div>\n<\/div>\n<p style=\"color: #c9c8cd; font-family: Arial,sans-serif; font-size: 14px; line-height: 17px; margin-bottom: 0; margin-top: 8px; overflow: hidden; padding: 8px 0 7px; text-align: center; text-overflow: ellipsis; white-space: nowrap;\"><a style=\"color: #c9c8cd; font-family: Arial,sans-serif; font-size: 14px; font-style: normal; font-weight: normal; line-height: 17px; text-decoration: none;\" href=\"https:\/\/www.instagram.com\/p\/y5t3clEUHl\/\" target=\"_blank\" rel=\"noopener\">Ein Beitrag geteilt von Bezt_Etam (@bezt_etam)<\/a> am <time style=\"font-family: Arial,sans-serif; font-size: 14px; line-height: 17px;\" datetime=\"2015-02-10T01:14:13+00:00\">Feb 9, 2015 um 5:14 PST<\/time><\/p>\n<\/div>\n<\/blockquote>\n<p><script async defer src=\"\/\/www.instagram.com\/embed.js\"><\/script><\/p>\n<blockquote class=\"instagram-media\" style=\"background: #FFF; border: 0; border-radius: 3px; box-shadow: 0 0 1px 0 rgba(0,0,0,0.5),0 1px 10px 0 rgba(0,0,0,0.15); margin: 1px; max-width: 540px; min-width: 326px; padding: 0; width: calc(100% - 2px);\" data-instgrm-permalink=\"https:\/\/www.instagram.com\/p\/j33hh7BP4_\/\" data-instgrm-version=\"9\">\n<div style=\"padding: 8px;\">\n<div style=\"background: #F8F8F8; line-height: 0; margin-top: 40px; padding: 50% 0; text-align: center; width: 100%;\">\n<div style=\"background: url(data:image\/png; base64,ivborw0kggoaaaansuheugaaacwaaaascamaaaapwqozaaaabgdbtueaalgpc\/xhbqaaaafzukdcak7ohokaaaamuexurczmzpf399fx1+bm5mzy9amaaadisurbvdjlvzxbesmgces5\/p8\/t9furvcrmu73jwlzosgsiizurcjo\/ad+eqjjb4hv8bft+idpqocx1wjosbfhh2xssxeiyn3uli\/6mnree07uiwjev8ueowds88ly97kqytlijkktuybbruayvh5wohixmpi5we58ek028czwyuqdlkpg1bkb4nnm+veanfhqn1k4+gpt6ugqcvu2h2ovuif\/gwufyy8owepdyzsa3avcqpvovvzzz2vtnn2wu8qzvjddeto90gsy9mvlqtgysy231mxry6i2ggqjrty0l8fxcxfcbbhwrsyyaaaaaelftksuqmcc); display: block; height: 44px; margin: 0 auto -44px; position: relative; top: -22px; width: 44px;\"><\/div>\n<\/div>\n<p style=\"color: #c9c8cd; font-family: Arial,sans-serif; font-size: 14px; line-height: 17px; margin-bottom: 0; margin-top: 8px; overflow: hidden; padding: 8px 0 7px; text-align: center; text-overflow: ellipsis; white-space: nowrap;\"><a style=\"color: #c9c8cd; font-family: Arial,sans-serif; font-size: 14px; font-style: normal; font-weight: normal; line-height: 17px; text-decoration: none;\" href=\"https:\/\/www.instagram.com\/p\/j33hh7BP4_\/\" target=\"_blank\" rel=\"noopener\">Ein Beitrag geteilt von SAINER (@sainer_etam)<\/a> am <time style=\"font-family: Arial,sans-serif; font-size: 14px; line-height: 17px;\" datetime=\"2014-02-01T12:09:13+00:00\">Feb 1, 2014 um 4:09 PST<\/time><\/p>\n<\/div>\n<\/blockquote>\n<p><script async defer src=\"\/\/www.instagram.com\/embed.js\"><\/script><\/p>\n","protected":false},"excerpt":{"rendered":"<p>In unserer Reihe \u201cBehind the Artwork\u201d zeigen wir Euch die Gesichter hinter Streetart und Graf\ufb01ti. Wer sind die K\u00fcnstler und was treibt sie an? Was ist ihre Geschichte? Von Polen hinaus in die Welt Heute m\u00f6chten wir Euch die ETAM CRU aus Polen vorstellen. Die ETAM CRU besteht aus den beiden Graf\ufb01ti-Writern SAINER und BEZT. [&#8230;]<\/p>\n","protected":false},"author":36,"featured_media":24746,"comment_status":"open","ping_status":"open","sticky":false,"template":"","format":"standard","meta":[],"categories":[1605,15,17],"inspiration_tags":[],"_links":{"self":[{"href":"https:\/\/www.def-shop.com\/magazin\/wp-json\/wp\/v2\/posts\/27582"}],"collection":[{"href":"https:\/\/www.def-shop.com\/magazin\/wp-json\/wp\/v2\/posts"}],"about":[{"href":"https:\/\/www.def-shop.com\/magazin\/wp-json\/wp\/v2\/types\/post"}],"author":[{"embeddable":true,"href":"https:\/\/www.def-shop.com\/magazin\/wp-json\/wp\/v2\/users\/36"}],"replies":[{"embeddable":true,"href":"https:\/\/www.def-shop.com\/magazin\/wp-json\/wp\/v2\/comments?post=27582"}],"version-history":[{"count":1,"href":"https:\/\/www.def-shop.com\/magazin\/wp-json\/wp\/v2\/posts\/27582\/revisions"}],"predecessor-version":[{"id":27583,"href":"https:\/\/www.def-shop.com\/magazin\/wp-json\/wp\/v2\/posts\/27582\/revisions\/27583"}],"wp:featuredmedia":[{"embeddable":true,"href":"https:\/\/www.def-shop.com\/magazin\/wp-json\/wp\/v2\/media\/24746"}],"wp:attachment":[{"href":"https:\/\/www.def-shop.com\/magazin\/wp-json\/wp\/v2\/media?parent=27582"}],"wp:term":[{"taxonomy":"category","embeddable":true,"href":"https:\/\/www.def-shop.com\/magazin\/wp-json\/wp\/v2\/categories?post=27582"},{"taxonomy":"inspiration_tags","embeddable":true,"href":"https:\/\/www.def-shop.com\/magazin\/wp-json\/wp\/v2\/inspiration_tags?post=27582"}],"curies":[{"name":"wp","href":"https:\/\/api.w.org\/{rel}","templated":true}]}}