{"id":26042,"date":"2018-03-19T14:49:28","date_gmt":"2018-03-19T13:49:28","guid":{"rendered":"https:\/\/www.def-shop.com\/magazin\/?p=26042"},"modified":"2018-03-26T09:13:51","modified_gmt":"2018-03-26T07:13:51","slug":"die-marke-def-designerin-maria-im-interview","status":"publish","type":"post","link":"https:\/\/www.def-shop.com\/magazin\/die-marke-def-designerin-maria-im-interview\/","title":{"rendered":"Die Marke DEF \u2013 Designerin Maria im Interview"},"content":{"rendered":"<p>Die neue Kollektion ist raus und das Fr\u00fchjahr kann kommen! Auch unsere Eigenmarke hat einiges im Repertoire, um uns in stylische Looks zu h\u00fcllen und uns die immer w\u00e4rmer werdenden Tage zelebrieren zu lassen. Seit zwei Jahren gibt es <a href=\"https:\/\/www.def-shop.com\/def\/maenner\/\">DEF<\/a> nun schon und wir haben uns mit unserer <strong>Designerin Maria<\/strong> getroffen, um Euch ein paar tiefere Einblicke zu erm\u00f6glichen.<\/p>\n<p><a href=\"https:\/\/www.def-shop.com\/magazin\/wp-content\/uploads\/2018\/03\/def-design.jpg\"><img loading=\"lazy\" class=\"alignnone size-full wp-image-26043\" src=\"https:\/\/www.def-shop.com\/magazin\/wp-content\/uploads\/2018\/03\/def-design.jpg\" alt=\"\" width=\"1500\" height=\"1000\" srcset=\"https:\/\/www.def-shop.com\/magazin\/wp-content\/uploads\/2018\/03\/def-design.jpg 1500w, https:\/\/www.def-shop.com\/magazin\/wp-content\/uploads\/2018\/03\/def-design-300x200.jpg 300w, https:\/\/www.def-shop.com\/magazin\/wp-content\/uploads\/2018\/03\/def-design-768x512.jpg 768w, https:\/\/www.def-shop.com\/magazin\/wp-content\/uploads\/2018\/03\/def-design-1024x683.jpg 1024w, https:\/\/www.def-shop.com\/magazin\/wp-content\/uploads\/2018\/03\/def-design-1440x960.jpg 1440w\" sizes=\"(max-width: 1500px) 100vw, 1500px\" \/><\/a><\/p>\n<h2>Wie ist die DEF Marke entstanden?<\/h2>\n<p>Die Marke ist entstanden auf der Basis, dass man eine spezielle Linie f\u00fcr DefShop kreieren wollte. Diese sollten coole Basic in einen trendigen Streetstyle Fokus haben.<\/p>\n<h2>Erkl\u00e4rst Du uns kurz die neue Kollektion und deren Highlights!?<\/h2>\n<p>Nat\u00fcrlich gucken wir uns auch gro\u00dfe Marken an und in welche Richtung diese gehen. Die neue Kollektion hat viele frische Farben, weil wir nat\u00fcrlich auch auf den Sommer zugehen. Wir haben sch\u00f6ne aktuelle Gelbfarben, dar\u00fcber hinaus haben wir ein sch\u00f6nes Ros\u00e9 mit dabei. Auch den Overall- und Dress- Bereich wollen wir zuk\u00fcnftig weiter ausbauen.<\/p>\n<h2>Wie ist Dein pers\u00f6nlicher Bezug zum Thema Streetwear und wie w\u00fcrdest Du Deinen Lifestyle beschreiben?<\/h2>\n<p>Dadurch das Streetwear grade das Fashionthema \u00fcberhaupt ist, bin ich auf jeden Fall pro. Und besser als bequem den Alltag zu verbringen geht es ja wohl nicht<\/p>\n<p><a href=\"https:\/\/www.def-shop.com\/magazin\/wp-content\/uploads\/2018\/03\/DEF-Maria-Interview.jpg\"><img loading=\"lazy\" class=\"alignnone size-full wp-image-26045\" src=\"https:\/\/www.def-shop.com\/magazin\/wp-content\/uploads\/2018\/03\/DEF-Maria-Interview.jpg\" alt=\"\" width=\"1500\" height=\"1000\" srcset=\"https:\/\/www.def-shop.com\/magazin\/wp-content\/uploads\/2018\/03\/DEF-Maria-Interview.jpg 1500w, https:\/\/www.def-shop.com\/magazin\/wp-content\/uploads\/2018\/03\/DEF-Maria-Interview-300x200.jpg 300w, https:\/\/www.def-shop.com\/magazin\/wp-content\/uploads\/2018\/03\/DEF-Maria-Interview-768x512.jpg 768w, https:\/\/www.def-shop.com\/magazin\/wp-content\/uploads\/2018\/03\/DEF-Maria-Interview-1024x683.jpg 1024w, https:\/\/www.def-shop.com\/magazin\/wp-content\/uploads\/2018\/03\/DEF-Maria-Interview-1440x960.jpg 1440w\" sizes=\"(max-width: 1500px) 100vw, 1500px\" \/><\/a><\/p>\n<h2>Was ist das Sch\u00f6nste an Deiner Arbeit?<\/h2>\n<p>Das ich tolle Kollegen um mich habe und mit einem tollen Produkt arbeiten darf.<\/p>\n<h2>Was glaubst Du, welche Trends 2018 auf uns zukommen?<\/h2>\n<p>Nach wie vor ist das Tape-Thema ein sehr starkes bei uns. Auch frische Farben und knallige Retro- Farben werden auf jeden Fall 2018 bestimmen.<\/p>\n<h2>Auf welche Klamotten schaust Du bei Mann\/ Frau zuerst? Was geht gar nicht?<\/h2>\n<p>Da gibt es keine speziellen Klamotten, aber was meiner Meinung gar nicht geht ist, wenn Kleidung nicht sitzt.<\/p>\n<div id=\"gallery-1\" class=\"gallery galleryid-26042 gallery-columns-2 gallery-size-full clearfix\"><figure class=\"gallery-item\"><div class=\"gallery-icon portrait\"><a href='https:\/\/www.def-shop.com\/magazin\/wp-content\/uploads\/2018\/03\/def-kleid-rot-1.jpg'><img width=\"750\" height=\"1080\" src=\"https:\/\/www.def-shop.com\/magazin\/wp-content\/uploads\/2018\/03\/def-kleid-rot-1.jpg\" class=\"gal-img\" alt=\"\" loading=\"lazy\" data-gallery=\"26042\" srcset=\"https:\/\/www.def-shop.com\/magazin\/wp-content\/uploads\/2018\/03\/def-kleid-rot-1.jpg 750w, https:\/\/www.def-shop.com\/magazin\/wp-content\/uploads\/2018\/03\/def-kleid-rot-1-208x300.jpg 208w, https:\/\/www.def-shop.com\/magazin\/wp-content\/uploads\/2018\/03\/def-kleid-rot-1-711x1024.jpg 711w\" sizes=\"(max-width: 750px) 100vw, 750px\" \/><\/a><\/div><\/figure><figure class=\"gallery-item\"><div class=\"gallery-icon portrait\"><a href='https:\/\/www.def-shop.com\/magazin\/wp-content\/uploads\/2018\/03\/def-jacke-schwarz-orange-1.jpg'><img width=\"750\" height=\"1080\" src=\"https:\/\/www.def-shop.com\/magazin\/wp-content\/uploads\/2018\/03\/def-jacke-schwarz-orange-1.jpg\" class=\"gal-img\" alt=\"\" loading=\"lazy\" data-gallery=\"26042\" srcset=\"https:\/\/www.def-shop.com\/magazin\/wp-content\/uploads\/2018\/03\/def-jacke-schwarz-orange-1.jpg 750w, https:\/\/www.def-shop.com\/magazin\/wp-content\/uploads\/2018\/03\/def-jacke-schwarz-orange-1-208x300.jpg 208w, https:\/\/www.def-shop.com\/magazin\/wp-content\/uploads\/2018\/03\/def-jacke-schwarz-orange-1-711x1024.jpg 711w\" sizes=\"(max-width: 750px) 100vw, 750px\" \/><\/a><\/div><\/figure><\/div>\n\n<h2>Gibt es guten und schlechten Style?<\/h2>\n<p>Ja definitiv. Nicht jeder hat Style. Aber ich begr\u00fc\u00dfe jede frische Idee und finde es toll wenn jemand den Mut hat etwas Neues auszuprobieren!<\/p>\n<h2>Wie w\u00e4re es mit einer Unisexlinie?<\/h2>\n<p>Finde ich sehr gut! Ist aber nach wie vor ein schwieriges Thema, weil der m\u00e4nnliche Kunde nicht ganz so offen daf\u00fcr ist, ein Produkt zu tragen was auch eine Frau tr\u00e4gt.<\/p>\n<h2>Warum sollte unser Kunde DEF kaufen?<\/h2>\n<p>Weil es eine super Antwort f\u00fcr eine sch\u00f6ne Basic-Linie ist, die man jeden Tag zu jeder Jahreszeit anziehen kann. Und dar\u00fcber hinaus auch noch g\u00fcnstig ist.<\/p>\n<div id=\"gallery-2\" class=\"gallery galleryid-26042 gallery-columns-2 gallery-size-full clearfix\"><figure class=\"gallery-item\"><div class=\"gallery-icon portrait\"><a href='https:\/\/www.def-shop.com\/magazin\/wp-content\/uploads\/2018\/03\/def-anzug-rot-frauen-1.jpg'><img width=\"750\" height=\"1080\" src=\"https:\/\/www.def-shop.com\/magazin\/wp-content\/uploads\/2018\/03\/def-anzug-rot-frauen-1.jpg\" class=\"gal-img\" alt=\"\" loading=\"lazy\" data-gallery=\"26042\" srcset=\"https:\/\/www.def-shop.com\/magazin\/wp-content\/uploads\/2018\/03\/def-anzug-rot-frauen-1.jpg 750w, https:\/\/www.def-shop.com\/magazin\/wp-content\/uploads\/2018\/03\/def-anzug-rot-frauen-1-208x300.jpg 208w, https:\/\/www.def-shop.com\/magazin\/wp-content\/uploads\/2018\/03\/def-anzug-rot-frauen-1-711x1024.jpg 711w\" sizes=\"(max-width: 750px) 100vw, 750px\" \/><\/a><\/div><\/figure><figure class=\"gallery-item\"><div class=\"gallery-icon portrait\"><a href='https:\/\/www.def-shop.com\/magazin\/wp-content\/uploads\/2018\/03\/def-pulli-wei\u00df-blau-frauen-1.jpg'><img width=\"749\" height=\"1080\" src=\"https:\/\/www.def-shop.com\/magazin\/wp-content\/uploads\/2018\/03\/def-pulli-wei\u00df-blau-frauen-1.jpg\" class=\"gal-img\" alt=\"\" loading=\"lazy\" data-gallery=\"26042\" srcset=\"https:\/\/www.def-shop.com\/magazin\/wp-content\/uploads\/2018\/03\/def-pulli-wei\u00df-blau-frauen-1.jpg 749w, https:\/\/www.def-shop.com\/magazin\/wp-content\/uploads\/2018\/03\/def-pulli-wei\u00df-blau-frauen-1-208x300.jpg 208w, https:\/\/www.def-shop.com\/magazin\/wp-content\/uploads\/2018\/03\/def-pulli-wei\u00df-blau-frauen-1-710x1024.jpg 710w\" sizes=\"(max-width: 749px) 100vw, 749px\" \/><\/a><\/div><\/figure><\/div>\n\n<h2>Ihr wollt mehr von unserer DEF Kollektion sehen? Dann check mal unseren <a href=\"https:\/\/www.def-shop.com\/magazin\/neue-def-kollektion-der-dank-geht-an-euch\/\">DEF Beitrag<\/a> f\u00fcr mehr Infos.<\/h2>\n<p>&nbsp;<\/p>\n","protected":false},"excerpt":{"rendered":"<p>Die neue Kollektion ist raus und das Fr\u00fchjahr kann kommen! Auch unsere Eigenmarke hat einiges im Repertoire, um uns in stylische Looks zu h\u00fcllen und uns die immer w\u00e4rmer werdenden Tage zelebrieren zu lassen. Seit zwei Jahren gibt es DEF nun schon und wir haben uns mit unserer Designerin Maria getroffen, um Euch ein paar [&#8230;]<\/p>\n","protected":false},"author":44,"featured_media":26047,"comment_status":"open","ping_status":"open","sticky":false,"template":"","format":"standard","meta":[],"categories":[1043,1039],"inspiration_tags":[1585],"_links":{"self":[{"href":"https:\/\/www.def-shop.com\/magazin\/wp-json\/wp\/v2\/posts\/26042"}],"collection":[{"href":"https:\/\/www.def-shop.com\/magazin\/wp-json\/wp\/v2\/posts"}],"about":[{"href":"https:\/\/www.def-shop.com\/magazin\/wp-json\/wp\/v2\/types\/post"}],"author":[{"embeddable":true,"href":"https:\/\/www.def-shop.com\/magazin\/wp-json\/wp\/v2\/users\/44"}],"replies":[{"embeddable":true,"href":"https:\/\/www.def-shop.com\/magazin\/wp-json\/wp\/v2\/comments?post=26042"}],"version-history":[{"count":6,"href":"https:\/\/www.def-shop.com\/magazin\/wp-json\/wp\/v2\/posts\/26042\/revisions"}],"predecessor-version":[{"id":26055,"href":"https:\/\/www.def-shop.com\/magazin\/wp-json\/wp\/v2\/posts\/26042\/revisions\/26055"}],"wp:featuredmedia":[{"embeddable":true,"href":"https:\/\/www.def-shop.com\/magazin\/wp-json\/wp\/v2\/media\/26047"}],"wp:attachment":[{"href":"https:\/\/www.def-shop.com\/magazin\/wp-json\/wp\/v2\/media?parent=26042"}],"wp:term":[{"taxonomy":"category","embeddable":true,"href":"https:\/\/www.def-shop.com\/magazin\/wp-json\/wp\/v2\/categories?post=26042"},{"taxonomy":"inspiration_tags","embeddable":true,"href":"https:\/\/www.def-shop.com\/magazin\/wp-json\/wp\/v2\/inspiration_tags?post=26042"}],"curies":[{"name":"wp","href":"https:\/\/api.w.org\/{rel}","templated":true}]}}