{"id":26012,"date":"2018-03-18T00:01:05","date_gmt":"2018-03-17T23:01:05","guid":{"rendered":"https:\/\/www.def-shop.com\/magazin\/?p=26012"},"modified":"2018-03-19T14:48:51","modified_gmt":"2018-03-19T13:48:51","slug":"neue-def-kollektion-der-dank-geht-an-euch","status":"publish","type":"post","link":"https:\/\/www.def-shop.com\/magazin\/neue-def-kollektion-der-dank-geht-an-euch\/","title":{"rendered":"Neue DEF Kollektion \u2013 der Dank geht an Euch!"},"content":{"rendered":"<p>Ihr habt es sicher schon gemerkt. Die neuen Kollektionen unserer Lieblingsmarken Reihen sich quasi im Wochentakt aneinander und begl\u00fccken uns mit ihren neunen Ideen f\u00fcr die warmen Jahreszeiten. Ein paar Trends lassen sich schon klar erkennen und wir freuen uns darauf, endlich die dicken Daunenjacken nach hinten zu h\u00e4ngen und die Fahrr\u00e4der aus dem Keller zu holen. Auch unsere <strong>DEF Marke<\/strong> ist bereit uns in Richtung Sommer zu begleiten und versorgt uns mit der neunen Sommerkollektion.<\/p>\n<p style=\"text-align: center;\"><a class=\"omsc-button omsc-custom-hover omsc-size-medium omsc-style-flat omsc-text-dark\" href=\"https:\/\/www.def-shop.com\/def\/\" style=\"background-color:#e0e0e0;border-color:#e0e0e0;color:#000000\" data-hover-bg-color=\"#efefef\" data-hover-text-color=\"#000000\" data-hover-border-color=\"#efefef\">Zur DEF Kollektion<\/a>\n<p><a href=\"https:\/\/www.def-shop.com\/magazin\/wp-content\/uploads\/2018\/03\/def-kleid-rot-1.jpg\"><img loading=\"lazy\" class=\"alignnone size-full wp-image-26023\" src=\"https:\/\/www.def-shop.com\/magazin\/wp-content\/uploads\/2018\/03\/def-kleid-rot-1.jpg\" alt=\"\" width=\"750\" height=\"1080\" srcset=\"https:\/\/www.def-shop.com\/magazin\/wp-content\/uploads\/2018\/03\/def-kleid-rot-1.jpg 750w, https:\/\/www.def-shop.com\/magazin\/wp-content\/uploads\/2018\/03\/def-kleid-rot-1-208x300.jpg 208w, https:\/\/www.def-shop.com\/magazin\/wp-content\/uploads\/2018\/03\/def-kleid-rot-1-711x1024.jpg 711w\" sizes=\"(max-width: 750px) 100vw, 750px\" \/><\/a><\/p>\n<p>Seit nun schon zwei Jahren findet unsere Eigenmarke bei Euch Gefallen und wir sind jedes Mal stolz darauf, wenn wir den DEF Aufdruck auf den Stra\u00dfen erblicken d\u00fcrfen. Es ist immer wieder spannend zu beobachten, wie unterschiedlich Ihr unsere Artikel in Eure Looks einbaut und dabei gekonnt in Szene setzt. Streetwear ist das Fashionthema \u00fcberhaupt und dank Eurer Unterst\u00fctzung k\u00f6nnen wir Euch heute unsere neue Kollektion vorstellen.<\/p>\n<div id=\"gallery-1\" class=\"gallery galleryid-26012 gallery-columns-2 gallery-size-full clearfix\"><figure class=\"gallery-item\"><div class=\"gallery-icon portrait\"><a href='https:\/\/www.def-shop.com\/magazin\/wp-content\/uploads\/2018\/03\/def-schwarz-kleid-frauen-1.jpg'><img width=\"749\" height=\"1080\" src=\"https:\/\/www.def-shop.com\/magazin\/wp-content\/uploads\/2018\/03\/def-schwarz-kleid-frauen-1.jpg\" class=\"gal-img\" alt=\"\" loading=\"lazy\" data-gallery=\"26012\" srcset=\"https:\/\/www.def-shop.com\/magazin\/wp-content\/uploads\/2018\/03\/def-schwarz-kleid-frauen-1.jpg 749w, https:\/\/www.def-shop.com\/magazin\/wp-content\/uploads\/2018\/03\/def-schwarz-kleid-frauen-1-208x300.jpg 208w, https:\/\/www.def-shop.com\/magazin\/wp-content\/uploads\/2018\/03\/def-schwarz-kleid-frauen-1-710x1024.jpg 710w\" sizes=\"(max-width: 749px) 100vw, 749px\" \/><\/a><\/div><\/figure><figure class=\"gallery-item\"><div class=\"gallery-icon portrait\"><a href='https:\/\/www.def-shop.com\/magazin\/wp-content\/uploads\/2018\/03\/def-anzug-schwarz-rot-m\u00e4nner-1.jpg'><img width=\"750\" height=\"1080\" src=\"https:\/\/www.def-shop.com\/magazin\/wp-content\/uploads\/2018\/03\/def-anzug-schwarz-rot-m\u00e4nner-1.jpg\" class=\"gal-img\" alt=\"\" loading=\"lazy\" data-gallery=\"26012\" srcset=\"https:\/\/www.def-shop.com\/magazin\/wp-content\/uploads\/2018\/03\/def-anzug-schwarz-rot-m\u00e4nner-1.jpg 750w, https:\/\/www.def-shop.com\/magazin\/wp-content\/uploads\/2018\/03\/def-anzug-schwarz-rot-m\u00e4nner-1-208x300.jpg 208w, https:\/\/www.def-shop.com\/magazin\/wp-content\/uploads\/2018\/03\/def-anzug-schwarz-rot-m\u00e4nner-1-711x1024.jpg 711w\" sizes=\"(max-width: 750px) 100vw, 750px\" \/><\/a><\/div><\/figure><\/div>\n\n<p>Der Fokus liegt wie gewohnt auf den komfortablen Basics, die sich aber stets an den neuen Trends orientieren und mit dezenten Eyecatchern den gewissen Feinschliff bekommen. Ob in der Schule, an der Uni, im Park oder beim Vorgl\u00fchen am Sp\u00e4ti Eures Vertrauens \u2013 DEF l\u00e4sst uns den Streetstyle gekonnt auf jedes Ereignis \u00fcbertragen.<\/p>\n<div id=\"gallery-2\" class=\"gallery galleryid-26012 gallery-columns-2 gallery-size-full clearfix\"><figure class=\"gallery-item\"><div class=\"gallery-icon portrait\"><a href='https:\/\/www.def-shop.com\/magazin\/wp-content\/uploads\/2018\/03\/def-jacke-schwarz-orange-1.jpg'><img width=\"750\" height=\"1080\" src=\"https:\/\/www.def-shop.com\/magazin\/wp-content\/uploads\/2018\/03\/def-jacke-schwarz-orange-1.jpg\" class=\"gal-img\" alt=\"\" loading=\"lazy\" data-gallery=\"26012\" srcset=\"https:\/\/www.def-shop.com\/magazin\/wp-content\/uploads\/2018\/03\/def-jacke-schwarz-orange-1.jpg 750w, https:\/\/www.def-shop.com\/magazin\/wp-content\/uploads\/2018\/03\/def-jacke-schwarz-orange-1-208x300.jpg 208w, https:\/\/www.def-shop.com\/magazin\/wp-content\/uploads\/2018\/03\/def-jacke-schwarz-orange-1-711x1024.jpg 711w\" sizes=\"(max-width: 750px) 100vw, 750px\" \/><\/a><\/div><\/figure><figure class=\"gallery-item\"><div class=\"gallery-icon portrait\"><a href='https:\/\/www.def-shop.com\/magazin\/wp-content\/uploads\/2018\/03\/def-anzug-rot-frauen-1.jpg'><img width=\"750\" height=\"1080\" src=\"https:\/\/www.def-shop.com\/magazin\/wp-content\/uploads\/2018\/03\/def-anzug-rot-frauen-1.jpg\" class=\"gal-img\" alt=\"\" loading=\"lazy\" data-gallery=\"26012\" srcset=\"https:\/\/www.def-shop.com\/magazin\/wp-content\/uploads\/2018\/03\/def-anzug-rot-frauen-1.jpg 750w, https:\/\/www.def-shop.com\/magazin\/wp-content\/uploads\/2018\/03\/def-anzug-rot-frauen-1-208x300.jpg 208w, https:\/\/www.def-shop.com\/magazin\/wp-content\/uploads\/2018\/03\/def-anzug-rot-frauen-1-711x1024.jpg 711w\" sizes=\"(max-width: 750px) 100vw, 750px\" \/><\/a><\/div><\/figure><\/div>\n\n<div id=\"gallery-3\" class=\"gallery galleryid-26012 gallery-columns-2 gallery-size-full clearfix\"><figure class=\"gallery-item\"><div class=\"gallery-icon portrait\"><a href='https:\/\/www.def-shop.com\/magazin\/wp-content\/uploads\/2018\/03\/DEF-camo-1.jpg'><img width=\"750\" height=\"1080\" src=\"https:\/\/www.def-shop.com\/magazin\/wp-content\/uploads\/2018\/03\/DEF-camo-1.jpg\" class=\"gal-img\" alt=\"\" loading=\"lazy\" data-gallery=\"26012\" srcset=\"https:\/\/www.def-shop.com\/magazin\/wp-content\/uploads\/2018\/03\/DEF-camo-1.jpg 750w, https:\/\/www.def-shop.com\/magazin\/wp-content\/uploads\/2018\/03\/DEF-camo-1-208x300.jpg 208w, https:\/\/www.def-shop.com\/magazin\/wp-content\/uploads\/2018\/03\/DEF-camo-1-711x1024.jpg 711w\" sizes=\"(max-width: 750px) 100vw, 750px\" \/><\/a><\/div><\/figure><figure class=\"gallery-item\"><div class=\"gallery-icon portrait\"><a href='https:\/\/www.def-shop.com\/magazin\/wp-content\/uploads\/2018\/03\/def-gr\u00fcn-anzug-1.jpg'><img width=\"750\" height=\"1080\" src=\"https:\/\/www.def-shop.com\/magazin\/wp-content\/uploads\/2018\/03\/def-gr\u00fcn-anzug-1.jpg\" class=\"gal-img\" alt=\"\" loading=\"lazy\" data-gallery=\"26012\" srcset=\"https:\/\/www.def-shop.com\/magazin\/wp-content\/uploads\/2018\/03\/def-gr\u00fcn-anzug-1.jpg 750w, https:\/\/www.def-shop.com\/magazin\/wp-content\/uploads\/2018\/03\/def-gr\u00fcn-anzug-1-208x300.jpg 208w, https:\/\/www.def-shop.com\/magazin\/wp-content\/uploads\/2018\/03\/def-gr\u00fcn-anzug-1-711x1024.jpg 711w\" sizes=\"(max-width: 750px) 100vw, 750px\" \/><\/a><\/div><\/figure><\/div>\n\n<p>Ebenso werden uns Ein- und Zweiteiler die Frage nach dem passenden Shirt oder der passenden Hose erheblich erleichtern. Vor allen bei den Girls erfreut sich das stylische Hoodiekleid besonderer Beliebtheit. Nun gilt es nur noch den passenden Sneaker zu picken, um sein Outfit perfekt zu machen.<\/p>\n<div id=\"gallery-4\" class=\"gallery galleryid-26012 gallery-columns-2 gallery-size-full clearfix\"><figure class=\"gallery-item\"><div class=\"gallery-icon portrait\"><a href='https:\/\/www.def-shop.com\/magazin\/wp-content\/uploads\/2018\/03\/def-pulli-wei\u00df-blau-frauen-1.jpg'><img width=\"749\" height=\"1080\" src=\"https:\/\/www.def-shop.com\/magazin\/wp-content\/uploads\/2018\/03\/def-pulli-wei\u00df-blau-frauen-1.jpg\" class=\"gal-img\" alt=\"\" loading=\"lazy\" data-gallery=\"26012\" srcset=\"https:\/\/www.def-shop.com\/magazin\/wp-content\/uploads\/2018\/03\/def-pulli-wei\u00df-blau-frauen-1.jpg 749w, https:\/\/www.def-shop.com\/magazin\/wp-content\/uploads\/2018\/03\/def-pulli-wei\u00df-blau-frauen-1-208x300.jpg 208w, https:\/\/www.def-shop.com\/magazin\/wp-content\/uploads\/2018\/03\/def-pulli-wei\u00df-blau-frauen-1-710x1024.jpg 710w\" sizes=\"(max-width: 749px) 100vw, 749px\" \/><\/a><\/div><\/figure><figure class=\"gallery-item\"><div class=\"gallery-icon portrait\"><a href='https:\/\/www.def-shop.com\/magazin\/wp-content\/uploads\/2018\/03\/def-beige-frauen-1.jpg'><img width=\"750\" height=\"1080\" src=\"https:\/\/www.def-shop.com\/magazin\/wp-content\/uploads\/2018\/03\/def-beige-frauen-1.jpg\" class=\"gal-img\" alt=\"\" loading=\"lazy\" data-gallery=\"26012\" srcset=\"https:\/\/www.def-shop.com\/magazin\/wp-content\/uploads\/2018\/03\/def-beige-frauen-1.jpg 750w, https:\/\/www.def-shop.com\/magazin\/wp-content\/uploads\/2018\/03\/def-beige-frauen-1-208x300.jpg 208w, https:\/\/www.def-shop.com\/magazin\/wp-content\/uploads\/2018\/03\/def-beige-frauen-1-711x1024.jpg 711w\" sizes=\"(max-width: 750px) 100vw, 750px\" \/><\/a><\/div><\/figure><\/div>\n\n<p>So, das Ding ist im Kasten. Wie Ihr seht ist unseren Designern wieder ein vorzeiglicher Rundumschwung gelungen, bei dem jeder auf seine Kosten kommt. Seht in unserem Clip selbst, wie hervorragend sich die Styles auf der Stra\u00dfe so behaupten!<\/p>\n<div class=\"lyte-wrapper\" style=\"width:853px;max-width: 100%;margin:5px;\">\n<div class=\"lyMe hidef\" id=\"WYL_m8nLc3KyBJ4\" itemprop=\"video\" itemscope itemtype=\"https:\/\/schema.org\/VideoObject\"><meta itemprop=\"thumbnailUrl\" content=\"\/\/i.ytimg.com\/vi\/m8nLc3KyBJ4\/maxresdefault.jpg\" \/><meta itemprop=\"embedURL\" content=\"https:\/\/www.youtube.com\/embed\/m8nLc3KyBJ4\" \/><meta itemprop=\"uploadDate\" content=\"\" \/><\/p>\n<div id=\"lyte_m8nLc3KyBJ4\" data-src=\"\/\/i.ytimg.com\/vi\/m8nLc3KyBJ4\/maxresdefault.jpg\" class=\"pL\">\n<div class=\"tC\">\n<div class=\"tT\" itemprop=\"name\"><\/div>\n<\/div>\n<div class=\"play\"><\/div>\n<div class=\"ctrl\">\n<div class=\"Lctrl\"><\/div>\n<div class=\"Rctrl\"><\/div>\n<\/div>\n<\/div>\n<p><noscript><a href=\"https:\/\/youtu.be\/m8nLc3KyBJ4\"><img loading=\"lazy\" src=\"https:\/\/i.ytimg.com\/vi\/m8nLc3KyBJ4\/0.jpg\" alt=\"\" width=\"853\" height=\"460\" \/><br \/>Dieses Video auf YouTube ansehen<\/a><\/noscript><meta itemprop=\"description\" content=\"\"><\/div>\n<\/div>\n<div class=\"lL\" style=\"max-width:100%;width:853px;margin:5px;\"><\/div>\n","protected":false},"excerpt":{"rendered":"<p>Ihr habt es sicher schon gemerkt. Die neuen Kollektionen unserer Lieblingsmarken Reihen sich quasi im Wochentakt aneinander und begl\u00fccken uns mit ihren neunen Ideen f\u00fcr die warmen Jahreszeiten. Ein paar Trends lassen sich schon klar erkennen und wir freuen uns darauf, endlich die dicken Daunenjacken nach hinten zu h\u00e4ngen und die Fahrr\u00e4der aus dem Keller [&#8230;]<\/p>\n","protected":false},"author":44,"featured_media":26016,"comment_status":"open","ping_status":"open","sticky":false,"template":"","format":"standard","meta":[],"categories":[1612,1040,1043,1039],"inspiration_tags":[1572],"_links":{"self":[{"href":"https:\/\/www.def-shop.com\/magazin\/wp-json\/wp\/v2\/posts\/26012"}],"collection":[{"href":"https:\/\/www.def-shop.com\/magazin\/wp-json\/wp\/v2\/posts"}],"about":[{"href":"https:\/\/www.def-shop.com\/magazin\/wp-json\/wp\/v2\/types\/post"}],"author":[{"embeddable":true,"href":"https:\/\/www.def-shop.com\/magazin\/wp-json\/wp\/v2\/users\/44"}],"replies":[{"embeddable":true,"href":"https:\/\/www.def-shop.com\/magazin\/wp-json\/wp\/v2\/comments?post=26012"}],"version-history":[{"count":2,"href":"https:\/\/www.def-shop.com\/magazin\/wp-json\/wp\/v2\/posts\/26012\/revisions"}],"predecessor-version":[{"id":26027,"href":"https:\/\/www.def-shop.com\/magazin\/wp-json\/wp\/v2\/posts\/26012\/revisions\/26027"}],"wp:featuredmedia":[{"embeddable":true,"href":"https:\/\/www.def-shop.com\/magazin\/wp-json\/wp\/v2\/media\/26016"}],"wp:attachment":[{"href":"https:\/\/www.def-shop.com\/magazin\/wp-json\/wp\/v2\/media?parent=26012"}],"wp:term":[{"taxonomy":"category","embeddable":true,"href":"https:\/\/www.def-shop.com\/magazin\/wp-json\/wp\/v2\/categories?post=26012"},{"taxonomy":"inspiration_tags","embeddable":true,"href":"https:\/\/www.def-shop.com\/magazin\/wp-json\/wp\/v2\/inspiration_tags?post=26012"}],"curies":[{"name":"wp","href":"https:\/\/api.w.org\/{rel}","templated":true}]}}